{"id":153,"count":1,"description":"","link":"https:\/\/www.wtdemo.link\/deka\/tag\/efeler-sihhi-tesisat-iletisim\/","name":"Efeler S\u0131hhi Tesisat \u0130leti\u015fim","slug":"efeler-sihhi-tesisat-iletisim","taxonomy":"post_tag","meta":[],"_links":{"self":[{"href":"https:\/\/www.wtdemo.link\/deka\/wp-json\/wp\/v2\/tags\/153"}],"collection":[{"href":"https:\/\/www.wtdemo.link\/deka\/wp-json\/wp\/v2\/tags"}],"about":[{"href":"https:\/\/www.wtdemo.link\/deka\/wp-json\/wp\/v2\/taxonomies\/post_tag"}],"wp:post_type":[{"href":"https:\/\/www.wtdemo.link\/deka\/wp-json\/wp\/v2\/posts?tags=153"}],"curies":[{"name":"wp","href":"https:\/\/api.w.org\/{rel}","templated":true}]}}